{"id":21,"date":"2012-03-23T22:41:51","date_gmt":"2012-03-23T22:41:51","guid":{"rendered":"http:\/\/www.triesteplus.com\/it\/news\/?p=21"},"modified":"2012-07-24T10:00:37","modified_gmt":"2012-07-24T08:00:37","slug":"lidea","status":"publish","type":"post","link":"https:\/\/www.triesteplus.com\/it\/news\/lidea\/","title":{"rendered":"L&#8217;idea"},"content":{"rendered":"<p>Ciao! In questa Timeline vorrei raccontarvi tutto quello che ho dovuto affrontare per portare a termine il progetto e per arrivare al giorno dell&#8217;inaugurazione. Inoltre vi terr\u00f2 aggiornati sullo stato di avanzamento dei lavori e su tutte le iniziative in corso. Aggiungo anche che mi dispiace per gli utenti internazionali ma (per il momento) questa sezione verr\u00e0 scritta solo in Italiano.<\/p>\n<p>Prima di tutto perch\u00e8 lo faccio? Semplicemente perch\u00e8 voglio condividere tutte le sfide che ho dovuto affrontare in fase di progettazione, come ho superato la burocrazia e tutti gli ostacoli che mi si sono stati posti davanti in questi mesi. Spero che possa essere utile anche per voi (soprattutto se state aprendo un b&amp;b) o semplicemente se siete curiosi di sapere che cosa significa creare una propria attivit\u00e0 in Italia.<\/p>\n<p>Quando \u00e8 nata l&#8217;idea e perch\u00e8 proprio un b&amp;b? L&#8217;idea mi \u00e8 nata grazie ad un mio collega in ufficio che gestisce\u00a0un b&amp;b (e che\u00a0vorrei ringraziare pubblicamente anche ora) e\u00a0dalla considerazione del fatto che Trieste\u00a0non \u00e8 ancora sfruttata turisticamente (a conferma di questo leggete pure gli articoli pubblicati dal <a title=\"Trieste Bella e Dimenticata\" href=\"http:\/\/www.corriere.it\/cronache\/12_febbraio_19\/trieste-affascinante-classifica-lonely-planet_1550894e-5b07-11e1-af48-fbc2e490f6c3.shtml\" target=\"_blank\">Corriere<\/a>\u00a0e da Lonely Planet). Ho scelto di fare un b&amp;b (invece di un affittacamere ecc) perch\u00e8 in Friuli Venezia Giulia \u00e8 la ricezione turistica con meno tassazione sui clienti e con meno regolamentazioni (in poche parole posso aprire e chiudere quando voglio). Inoltre l&#8217;investimento iniziale non \u00e8 molto elevato in quanto basta acquistare una casa e in teoria si pu\u00f2 partire subito.<\/p>\n<p>Avete la mia stessa idea e non sapete dove sbattere la testa? Per prima cosa vorrei assicurarvi che aprire un b&amp;b non \u00e8 come comprare un pacchetto di caramelle al supermercato. E&#8217; una cosa complicata che richiede tempo, denaro, capacit\u00e0 imprenditoriali e soprattutto coraggio nel rischiare. Se pensate di prendere una casa e cominciare subito non avete fatto bene i vostri conti e vi ritroverete con un pugno di mosche in mano. L&#8217;approccio migliore per avviare l&#8217;attivit\u00e0 riducendo al minimo il rischio \u00e8 quello che passa attraverso la realizzazione di un <a title=\"Business Plan\" href=\"http:\/\/it.wikipedia.org\/wiki\/Business_plan\" target=\"_blank\">BUSINESS PLAN<\/a>. Eh s\u00ec&#8230;\u00e8 faticoso realizzare il documento, effettuare analisi e calcolare tutti i possibili rischi ma se non volete fallire nella vostra impresa \u00e8 uno strumento decisamente\u00a0importante.\u00a0Analizzate la vostra citt\u00e0\u00a0(per cercare di capire dov&#8217;\u00e8 la zona\u00a0a pi\u00f9 alto potenziale), i vostri competitor (per capire dove sono collocati ed eventualmente se c&#8217;\u00e8 qualche zona\u00a0mal gestita), i mezzi di trasporto (per\u00a0evidenziare le zone\u00a0meglio servite e quelle invece problematiche) e via dicendo. Analizzate, analizzate, analizzate ma ad un certo punto cercate di tirare le fila del discorso ed indicare nella mappa le zone da voi scelte. Se avr\u00f2 tempo in futuro sicuramente scriver\u00f2 un post per raccontare come ho redatto il mio Business Plan e che\u00a0scelte ho fatto.\u00a0Considerando il mio caso posso dire che ho scelto la zona della\u00a0stazione perch\u00e8 \u00e8 facile da raggiungere con tutti i mezzi, \u00e8 a due passi a piedi dal centro e da tutte le attrazioni principali\u00a0ed\u00a0\u00e8 comunque una zona tranquilla dove riposarsi.<\/p>\n<p>Avete\u00a0gi\u00e0 redatto il vostro Business Plan? Allora passate al prossimo articolo in cui spiegher\u00f2 come cercare una casa\u00a0che sia adatta al proprio business!<\/p>\n","protected":false},"excerpt":{"rendered":"<p>Ciao! In questa Timeline vorrei raccontarvi tutto quello che ho dovuto affrontare per portare a termine il progetto e per arrivare al giorno dell&#8217;inaugurazione. Inoltre vi terr\u00f2 aggiornati sullo stato di avanzamento dei lavori e su tutte le iniziative in &hellip; <a href=\"https:\/\/www.triesteplus.com\/it\/news\/lidea\/\">Continue reading <span class=\"meta-nav\">&rarr;<\/span><\/a><\/p>\n","protected":false},"author":1,"featured_media":0,"comment_status":"closed","ping_status":"open","sticky":false,"template":"","format":"standard","meta":{"footnotes":""},"categories":[3],"tags":[],"class_list":["post-21","post","type-post","status-publish","format-standard","hentry","category-progetto"],"aioseo_notices":[],"_links":{"self":[{"href":"https:\/\/www.triesteplus.com\/it\/news\/wp-json\/wp\/v2\/posts\/21","targetHints":{"allow":["GET"]}}],"collection":[{"href":"https:\/\/www.triesteplus.com\/it\/news\/wp-json\/wp\/v2\/posts"}],"about":[{"href":"https:\/\/www.triesteplus.com\/it\/news\/wp-json\/wp\/v2\/types\/post"}],"author":[{"embeddable":true,"href":"https:\/\/www.triesteplus.com\/it\/news\/wp-json\/wp\/v2\/users\/1"}],"replies":[{"embeddable":true,"href":"https:\/\/www.triesteplus.com\/it\/news\/wp-json\/wp\/v2\/comments?post=21"}],"version-history":[{"count":4,"href":"https:\/\/www.triesteplus.com\/it\/news\/wp-json\/wp\/v2\/posts\/21\/revisions"}],"predecessor-version":[{"id":54,"href":"https:\/\/www.triesteplus.com\/it\/news\/wp-json\/wp\/v2\/posts\/21\/revisions\/54"}],"wp:attachment":[{"href":"https:\/\/www.triesteplus.com\/it\/news\/wp-json\/wp\/v2\/media?parent=21"}],"wp:term":[{"taxonomy":"category","embeddable":true,"href":"https:\/\/www.triesteplus.com\/it\/news\/wp-json\/wp\/v2\/categories?post=21"},{"taxonomy":"post_tag","embeddable":true,"href":"https:\/\/www.triesteplus.com\/it\/news\/wp-json\/wp\/v2\/tags?post=21"}],"curies":[{"name":"wp","href":"https:\/\/api.w.org\/{rel}","templated":true}]}}