{"id":136,"date":"2012-04-22T19:16:19","date_gmt":"2012-04-22T17:16:19","guid":{"rendered":"http:\/\/www.triesteplus.com\/it\/news\/?p=136"},"modified":"2012-07-24T09:53:35","modified_gmt":"2012-07-24T07:53:35","slug":"pavimenti-e-piastrelle","status":"publish","type":"post","link":"https:\/\/www.triesteplus.com\/it\/news\/pavimenti-e-piastrelle\/","title":{"rendered":"Pavimenti e piastrelle"},"content":{"rendered":"<p>Dopo aver eseguito tutti i lavori per quanto riguarda gli impianti elettrici ed idraulici (e vi rimango alla pagina <a title=\"B+b Trieste Plus\" href=\"https:\/\/www.facebook.com\/BBTriestePlus\">facebook<\/a> per guardare altre foto dei lavori) la azienda comincer\u00e0 a tappare tutti i buchi e cominciare con la pavimentazione. Se fino ad esso siete rimasti disgustati per il fatto che la vostra casa sembrava solo un cantiere e ogni due passi tiravate su due kg di polvere ora la casa piano piano comincia a ritrasformarsi e a riprendere forma!<\/p>\n<p>Considerando che quello che voglio realizzare io \u00e8 un b&amp;b; per tutte le pavimentazioni\/piastrelle ho scelto di utilizzare materiali di alta qualit\u00e0. Per quanto riguarda i bagni e la cucina mi sono rivolto a <a title=\"Cescutti Piastrelle\" href=\"http:\/\/www.cescuttipiastrelle.it\/\">Cescutti Piastrelle<\/a>\u00a0che mi sento di consigliare in quanto dimostrano professionalit\u00e0 a prezzi competitivi (sono stato seguito da una persona per una giornata intera dato che ero indeciso sui colori). Il materiale \u00e8 arrivato in poco tempo ed \u00e8 stato montato. Ecco a voi alcune foto che mostrano lo stato di avanzamento dei lavori:<\/p>\n<p style=\"text-align: center;\"><a href=\"http:\/\/www.triesteplus.com\/it\/news\/wp-content\/uploads\/2012\/04\/foto-31.jpg\"><img loading=\"lazy\" decoding=\"async\" class=\"alignnone size-thumbnail wp-image-138\" title=\"Corridoio impianti ricoperti\" src=\"http:\/\/www.triesteplus.com\/it\/news\/wp-content\/uploads\/2012\/04\/foto-31-150x150.jpg\" alt=\"\" width=\"150\" height=\"150\" \/><\/a><a href=\"http:\/\/www.triesteplus.com\/it\/news\/wp-content\/uploads\/2012\/04\/foto-31.jpg\"><img loading=\"lazy\" decoding=\"async\" class=\"alignnone size-thumbnail wp-image-138\" title=\"Corridoio impianti ricoperti\" src=\"http:\/\/www.triesteplus.com\/it\/news\/wp-content\/uploads\/2012\/04\/foto-31-150x150.jpg\" alt=\"\" width=\"150\" height=\"150\" \/><\/a><\/p>\n<p style=\"text-align: center;\"><a href=\"http:\/\/www.triesteplus.com\/it\/news\/wp-content\/uploads\/2012\/04\/foto-61.jpg\"><img loading=\"lazy\" decoding=\"async\" class=\"alignnone size-thumbnail wp-image-139\" title=\"Bagno scuro piastrelle\" src=\"http:\/\/www.triesteplus.com\/it\/news\/wp-content\/uploads\/2012\/04\/foto-61-150x150.jpg\" alt=\"\" width=\"150\" height=\"150\" \/><\/a><a href=\"http:\/\/www.triesteplus.com\/it\/news\/wp-content\/uploads\/2012\/04\/foto-21.jpg\"><img loading=\"lazy\" decoding=\"async\" class=\"alignnone size-thumbnail wp-image-142\" title=\"Bagno azzurro piastrelle\" src=\"http:\/\/www.triesteplus.com\/it\/news\/wp-content\/uploads\/2012\/04\/foto-21-150x150.jpg\" alt=\"\" width=\"150\" height=\"150\" \/><\/a><\/p>\n<p style=\"text-align: center;\"><a href=\"http:\/\/www.triesteplus.com\/it\/news\/wp-content\/uploads\/2012\/04\/foto-19.jpg\"><img loading=\"lazy\" decoding=\"async\" class=\"alignnone size-thumbnail wp-image-141\" title=\"Cucina Piastrelle\" src=\"http:\/\/www.triesteplus.com\/it\/news\/wp-content\/uploads\/2012\/04\/foto-19-150x150.jpg\" alt=\"\" width=\"150\" height=\"150\" \/><\/a><a href=\"http:\/\/www.triesteplus.com\/it\/news\/wp-content\/uploads\/2012\/04\/foto-8.jpg\"><img loading=\"lazy\" decoding=\"async\" class=\"alignnone size-thumbnail wp-image-140\" title=\"Bagno verde piastrelle\" src=\"http:\/\/www.triesteplus.com\/it\/news\/wp-content\/uploads\/2012\/04\/foto-8-150x150.jpg\" alt=\"\" width=\"150\" height=\"150\" \/><\/a><\/p>\n<p style=\"text-align: center;\"><a href=\"http:\/\/www.triesteplus.com\/it\/news\/wp-content\/uploads\/2012\/04\/foto-28.jpg\"><img loading=\"lazy\" decoding=\"async\" class=\"alignnone size-thumbnail wp-image-144\" title=\"Cucina rivestimento\" src=\"http:\/\/www.triesteplus.com\/it\/news\/wp-content\/uploads\/2012\/04\/foto-28-150x150.jpg\" alt=\"\" width=\"150\" height=\"150\" \/><\/a><a href=\"http:\/\/www.triesteplus.com\/it\/news\/wp-content\/uploads\/2012\/04\/foto-24.jpg\"><img loading=\"lazy\" decoding=\"async\" class=\"alignnone size-thumbnail wp-image-143\" title=\"Bagno verde piastrelle\" src=\"http:\/\/www.triesteplus.com\/it\/news\/wp-content\/uploads\/2012\/04\/foto-24-150x150.jpg\" alt=\"\" width=\"150\" height=\"150\" \/><\/a><\/p>\n<p style=\"text-align: left;\">Per quanto riguarda invece i corridoio e camera mia (quella scura) ho scelto il pavimento prefinito laminato <a title=\"Laminati Pergo\" href=\"http:\/\/www.pergo.com\/it-it\/Cliente\/Homepage\/\" target=\"_blank\">Pergo<\/a>. La scelta \u00e8 ricaduta sul laminato perch\u00e8 dovrebbe essere pi\u00f9 resistente del legno normale (ho considerato che nel corridoio passeranno diverse persone con trolley o valigie e via dicendo) e ho scelto una delle marche migliori del mondo (la Pergo \u00e8 una rinomata azienda svedese leader nel mercato del prefiniti). Per quanto riguarda lo stato avanzamento dei lavori non ho ancora nessuna foto (ma le pubblicher\u00f2 a breve) dato che verranno montati Gioved\u00ec prossimo.<\/p>\n<p style=\"text-align: left;\">Non cercate di risparmiare su questo tipo di materiali, effettuate un buon investimento e vedrete che non dovrete cambiarli ogni due anni (almeno spero)!!<\/p>\n","protected":false},"excerpt":{"rendered":"<p>Dopo aver eseguito tutti i lavori per quanto riguarda gli impianti elettrici ed idraulici (e vi rimango alla pagina facebook per guardare altre foto dei lavori) la azienda comincer\u00e0 a tappare tutti i buchi e cominciare con la pavimentazione. Se &hellip; <a href=\"https:\/\/www.triesteplus.com\/it\/news\/pavimenti-e-piastrelle\/\">Continue reading <span class=\"meta-nav\">&rarr;<\/span><\/a><\/p>\n","protected":false},"author":1,"featured_media":0,"comment_status":"open","ping_status":"open","sticky":false,"template":"","format":"standard","meta":{"footnotes":""},"categories":[3],"tags":[],"class_list":["post-136","post","type-post","status-publish","format-standard","hentry","category-progetto"],"aioseo_notices":[],"_links":{"self":[{"href":"https:\/\/www.triesteplus.com\/it\/news\/wp-json\/wp\/v2\/posts\/136","targetHints":{"allow":["GET"]}}],"collection":[{"href":"https:\/\/www.triesteplus.com\/it\/news\/wp-json\/wp\/v2\/posts"}],"about":[{"href":"https:\/\/www.triesteplus.com\/it\/news\/wp-json\/wp\/v2\/types\/post"}],"author":[{"embeddable":true,"href":"https:\/\/www.triesteplus.com\/it\/news\/wp-json\/wp\/v2\/users\/1"}],"replies":[{"embeddable":true,"href":"https:\/\/www.triesteplus.com\/it\/news\/wp-json\/wp\/v2\/comments?post=136"}],"version-history":[{"count":3,"href":"https:\/\/www.triesteplus.com\/it\/news\/wp-json\/wp\/v2\/posts\/136\/revisions"}],"predecessor-version":[{"id":146,"href":"https:\/\/www.triesteplus.com\/it\/news\/wp-json\/wp\/v2\/posts\/136\/revisions\/146"}],"wp:attachment":[{"href":"https:\/\/www.triesteplus.com\/it\/news\/wp-json\/wp\/v2\/media?parent=136"}],"wp:term":[{"taxonomy":"category","embeddable":true,"href":"https:\/\/www.triesteplus.com\/it\/news\/wp-json\/wp\/v2\/categories?post=136"},{"taxonomy":"post_tag","embeddable":true,"href":"https:\/\/www.triesteplus.com\/it\/news\/wp-json\/wp\/v2\/tags?post=136"}],"curies":[{"name":"wp","href":"https:\/\/api.w.org\/{rel}","templated":true}]}}